{"id":12951000,"date":"2025-09-03T13:59:01","date_gmt":"2025-09-03T11:59:01","guid":{"rendered":"https:\/\/www.ischebeck.de\/new-video-epd-for-titan-micropiles\/"},"modified":"2026-03-11T11:55:56","modified_gmt":"2026-03-11T10:55:56","slug":"new-video-certificazione-ambientale-di-prodotto-epd-micropali-titan","status":"publish","type":"post","link":"https:\/\/www.ischebeck.de\/it\/new-video-certificazione-ambientale-di-prodotto-epd-micropali-titan\/","title":{"rendered":"Nuovo video: Certificazione Ambientale di Prodotto EPD per micropali TITAN"},"content":{"rendered":"","protected":false},"excerpt":{"rendered":"<p>Nel nostro nuovo video su YouTube, Thomas Grafstr\u00f6m (Technical Sales, Svezia) spiega perch\u00e9 il nostro sistema di micropali TITAN \u00e8 un componente fondamentale per l&#8217;edilizia sostenibile, ora [&#8230;]<\/p>\n","protected":false},"author":6166,"featured_media":12940769,"comment_status":"closed","ping_status":"closed","sticky":false,"template":"","format":"standard","meta":{"_acf_changed":false,"footnotes":""},"categories":[4344,4400],"tags":[],"class_list":["post-12951000","post","type-post","status-publish","format-standard","has-post-thumbnail","hentry","category-tutto","category-geotecnica"],"acf":{"ischmodules":[{"type":"text","text":"Nel nostro nuovo video su YouTube, Thomas Grafstr\u00f6m (Technical Sales, Svezia) spiega perch\u00e9 il nostro sistema di micropali TITAN \u00e8 un componente fondamentale per l'edilizia sostenibile, ora ufficialmente confermato con una Certificazione Ambientale di Prodotto EPD (Environmental Product Declaration).\r\n\r\nQuesto certificato fornisce dati trasparenti sull'intero ciclo di vita e si aggiunge alla nostra attuale certificazione ISO 14001. Un altro passo avanti verso la riduzione delle emissioni di CO\u2082 e la costruzione di un futuro pi\u00f9 sostenibile.","images":null,"button":{"type":"link","link":null,"icon":"chevron-right","download":null},"headline":"","gallery":{"headline":"","images":null,"ratio":"rectangle"},"video":{"source":false,"youtube_url":"","src_sm":null,"src_md":null,"src_xl":null,"poster":null,"options":[]}},{"type":"video","text":"","images":null,"button":{"type":"link","link":null,"icon":"chevron-right","download":null},"headline":"","gallery":{"headline":"","images":null,"ratio":"rectangle"},"video":{"source":"youtube","youtube_url":"https:\/\/youtu.be\/X78oaKnTyPg","src_sm":null,"src_md":null,"src_xl":null,"poster":12940942,"options":[]}},{"type":"text","text":"State pianificando un progetto con obiettivi di sostenibilit\u00e0?\r\n\r\n<a href=\"https:\/\/www.ischebeck.de\/it\/geotecnica-con-micropalo-titan\/sostenibilita\/\">Scoprite di pi\u00f9 qui!<\/a>","images":null,"button":{"type":"link","link":null,"icon":"chevron-right","download":null},"headline":"","gallery":{"headline":"","images":null,"ratio":"rectangle"},"video":{"source":false,"youtube_url":"","src_sm":null,"src_md":null,"src_xl":null,"poster":null,"options":[]}},{"type":"text","text":"Saremo lieti di fornirvi consulenza sui vantaggi e sulle versatili applicazioni del sistema di micropali TITAN.\r\n\r\nNon esitate a contattarci via<a href=\"mailto:severi@ischebeck.de\"> e-mail<\/a> o a chiamarci al numero +39 040 340 63 78.\r\n\r\nSaremo lieti di risponderVi!","images":null,"button":{"type":"link","link":{"title":"Sostenibilit\u00e0","url":"https:\/\/www.ischebeck.de\/it\/geotecnica-con-micropalo-titan\/sostenibilita\/","target":""},"icon":"chevron-right","download":null},"headline":"","gallery":{"headline":"","images":null,"ratio":"rectangle"},"video":{"source":false,"youtube_url":"","src_sm":null,"src_md":null,"src_xl":null,"poster":null,"options":[]}}]},"yoast_head":"<!-- This site is optimized with the Yoast SEO plugin v26.4 - https:\/\/yoast.com\/wordpress\/plugins\/seo\/ -->\n<title>Nuovo video: Certificazione Ambientale di Prodotto EPD per micropali TITAN - ISCHEBECK TITAN<\/title>\n<meta name=\"robots\" content=\"index, follow, max-snippet:-1, max-image-preview:large, max-video-preview:-1\" \/>\n<link rel=\"canonical\" href=\"https:\/\/www.ischebeck.de\/it\/new-video-certificazione-ambientale-di-prodotto-epd-micropali-titan\/\" \/>\n<meta property=\"og:locale\" content=\"it_IT\" \/>\n<meta property=\"og:type\" content=\"article\" \/>\n<meta property=\"og:title\" content=\"Nuovo video: Certificazione Ambientale di Prodotto EPD per micropali TITAN - ISCHEBECK TITAN\" \/>\n<meta property=\"og:description\" content=\"Nel nostro nuovo video su YouTube, Thomas Grafstr\u00f6m (Technical Sales, Svezia) spiega perch\u00e9 il nostro sistema di micropali TITAN \u00e8 un componente fondamentale per l&#039;edilizia sostenibile, ora [...]\" \/>\n<meta property=\"og:url\" content=\"https:\/\/www.ischebeck.de\/it\/new-video-certificazione-ambientale-di-prodotto-epd-micropali-titan\/\" \/>\n<meta property=\"og:site_name\" content=\"ISCHEBECK TITAN\" \/>\n<meta property=\"article:published_time\" content=\"2025-09-03T11:59:01+00:00\" \/>\n<meta property=\"article:modified_time\" content=\"2026-03-11T10:55:56+00:00\" \/>\n<meta property=\"og:image\" content=\"https:\/\/www.ischebeck.de\/wp-content\/uploads\/2025\/09\/News_EPD_EN.jpg\" \/>\n\t<meta property=\"og:image:width\" content=\"555\" \/>\n\t<meta property=\"og:image:height\" content=\"375\" \/>\n\t<meta property=\"og:image:type\" content=\"image\/jpeg\" \/>\n<meta name=\"author\" content=\"Vanessa Jakob\" \/>\n<meta name=\"twitter:card\" content=\"summary_large_image\" \/>\n<meta name=\"twitter:label1\" content=\"Scritto da\" \/>\n\t<meta name=\"twitter:data1\" content=\"Vanessa Jakob\" \/>\n\t<meta name=\"twitter:label2\" content=\"Tempo di lettura stimato\" \/>\n\t<meta name=\"twitter:data2\" content=\"1 minuto\" \/>\n<script type=\"application\/ld+json\" class=\"yoast-schema-graph\">{\"@context\":\"https:\/\/schema.org\",\"@graph\":[{\"@type\":\"Article\",\"@id\":\"https:\/\/www.ischebeck.de\/it\/new-video-certificazione-ambientale-di-prodotto-epd-micropali-titan\/#article\",\"isPartOf\":{\"@id\":\"https:\/\/www.ischebeck.de\/it\/new-video-certificazione-ambientale-di-prodotto-epd-micropali-titan\/\"},\"author\":{\"name\":\"Vanessa Jakob\",\"@id\":\"https:\/\/www.ischebeck.de\/it\/#\/schema\/person\/659d8826bfa12a442ae9ce5916be7aea\"},\"headline\":\"Nuovo video: Certificazione Ambientale di Prodotto EPD per micropali TITAN\",\"datePublished\":\"2025-09-03T11:59:01+00:00\",\"dateModified\":\"2026-03-11T10:55:56+00:00\",\"mainEntityOfPage\":{\"@id\":\"https:\/\/www.ischebeck.de\/it\/new-video-certificazione-ambientale-di-prodotto-epd-micropali-titan\/\"},\"wordCount\":10,\"publisher\":{\"@id\":\"https:\/\/www.ischebeck.de\/it\/#organization\"},\"image\":{\"@id\":\"https:\/\/www.ischebeck.de\/it\/new-video-certificazione-ambientale-di-prodotto-epd-micropali-titan\/#primaryimage\"},\"thumbnailUrl\":\"https:\/\/www.ischebeck.de\/wp-content\/uploads\/2025\/09\/News_EPD_EN.jpg\",\"articleSection\":[\"Tutto\",\"Geotecnica\"],\"inLanguage\":\"it-IT\"},{\"@type\":\"WebPage\",\"@id\":\"https:\/\/www.ischebeck.de\/it\/new-video-certificazione-ambientale-di-prodotto-epd-micropali-titan\/\",\"url\":\"https:\/\/www.ischebeck.de\/it\/new-video-certificazione-ambientale-di-prodotto-epd-micropali-titan\/\",\"name\":\"Nuovo video: Certificazione Ambientale di Prodotto EPD per micropali TITAN - ISCHEBECK TITAN\",\"isPartOf\":{\"@id\":\"https:\/\/www.ischebeck.de\/it\/#website\"},\"primaryImageOfPage\":{\"@id\":\"https:\/\/www.ischebeck.de\/it\/new-video-certificazione-ambientale-di-prodotto-epd-micropali-titan\/#primaryimage\"},\"image\":{\"@id\":\"https:\/\/www.ischebeck.de\/it\/new-video-certificazione-ambientale-di-prodotto-epd-micropali-titan\/#primaryimage\"},\"thumbnailUrl\":\"https:\/\/www.ischebeck.de\/wp-content\/uploads\/2025\/09\/News_EPD_EN.jpg\",\"datePublished\":\"2025-09-03T11:59:01+00:00\",\"dateModified\":\"2026-03-11T10:55:56+00:00\",\"breadcrumb\":{\"@id\":\"https:\/\/www.ischebeck.de\/it\/new-video-certificazione-ambientale-di-prodotto-epd-micropali-titan\/#breadcrumb\"},\"inLanguage\":\"it-IT\",\"potentialAction\":[{\"@type\":\"ReadAction\",\"target\":[\"https:\/\/www.ischebeck.de\/it\/new-video-certificazione-ambientale-di-prodotto-epd-micropali-titan\/\"]}]},{\"@type\":\"ImageObject\",\"inLanguage\":\"it-IT\",\"@id\":\"https:\/\/www.ischebeck.de\/it\/new-video-certificazione-ambientale-di-prodotto-epd-micropali-titan\/#primaryimage\",\"url\":\"https:\/\/www.ischebeck.de\/wp-content\/uploads\/2025\/09\/News_EPD_EN.jpg\",\"contentUrl\":\"https:\/\/www.ischebeck.de\/wp-content\/uploads\/2025\/09\/News_EPD_EN.jpg\",\"width\":555,\"height\":375},{\"@type\":\"BreadcrumbList\",\"@id\":\"https:\/\/www.ischebeck.de\/it\/new-video-certificazione-ambientale-di-prodotto-epd-micropali-titan\/#breadcrumb\",\"itemListElement\":[{\"@type\":\"ListItem\",\"position\":1,\"name\":\"Startseite\",\"item\":\"https:\/\/www.ischebeck.de\/it\/\"},{\"@type\":\"ListItem\",\"position\":2,\"name\":\"Nuovo video: Certificazione Ambientale di Prodotto EPD per micropali TITAN\"}]},{\"@type\":\"WebSite\",\"@id\":\"https:\/\/www.ischebeck.de\/it\/#website\",\"url\":\"https:\/\/www.ischebeck.de\/it\/\",\"name\":\"ISCHEBECK TITAN\",\"description\":\"National und international f\u00fchrender Hersteller von Produkten f\u00fcr die Baubranche\",\"publisher\":{\"@id\":\"https:\/\/www.ischebeck.de\/it\/#organization\"},\"potentialAction\":[{\"@type\":\"SearchAction\",\"target\":{\"@type\":\"EntryPoint\",\"urlTemplate\":\"https:\/\/www.ischebeck.de\/it\/?s={search_term_string}\"},\"query-input\":{\"@type\":\"PropertyValueSpecification\",\"valueRequired\":true,\"valueName\":\"search_term_string\"}}],\"inLanguage\":\"it-IT\"},{\"@type\":\"Organization\",\"@id\":\"https:\/\/www.ischebeck.de\/it\/#organization\",\"name\":\"FRIEDR. ISCHEBECK GMBH\",\"url\":\"https:\/\/www.ischebeck.de\/it\/\",\"logo\":{\"@type\":\"ImageObject\",\"inLanguage\":\"it-IT\",\"@id\":\"https:\/\/www.ischebeck.de\/it\/#\/schema\/logo\/image\/\",\"url\":\"https:\/\/www.ischebeck.de\/wp-content\/uploads\/2022\/07\/ischebecklogo.png\",\"contentUrl\":\"https:\/\/www.ischebeck.de\/wp-content\/uploads\/2022\/07\/ischebecklogo.png\",\"width\":630,\"height\":235,\"caption\":\"FRIEDR. ISCHEBECK GMBH\"},\"image\":{\"@id\":\"https:\/\/www.ischebeck.de\/it\/#\/schema\/logo\/image\/\"},\"sameAs\":[\"https:\/\/www.youtube.com\/channel\/UCWC7NNXogZGJPs-bxuk7C8A\",\"https:\/\/www.linkedin.com\/company\/friedr.-ischebeck-gmbh\"]},{\"@type\":\"Person\",\"@id\":\"https:\/\/www.ischebeck.de\/it\/#\/schema\/person\/659d8826bfa12a442ae9ce5916be7aea\",\"name\":\"Vanessa Jakob\",\"image\":{\"@type\":\"ImageObject\",\"inLanguage\":\"it-IT\",\"@id\":\"https:\/\/www.ischebeck.de\/it\/#\/schema\/person\/image\/\",\"url\":\"https:\/\/secure.gravatar.com\/avatar\/18551f3922c0feb01daf4376b2dfa363ddc9441105f75a535bca6cd77b2b3536?s=96&d=mm&r=g\",\"contentUrl\":\"https:\/\/secure.gravatar.com\/avatar\/18551f3922c0feb01daf4376b2dfa363ddc9441105f75a535bca6cd77b2b3536?s=96&d=mm&r=g\",\"caption\":\"Vanessa Jakob\"},\"url\":\"https:\/\/www.ischebeck.de\/it\/author\/vanessajakob\/\"}]}<\/script>\n<!-- \/ Yoast SEO plugin. -->","yoast_head_json":{"title":"Nuovo video: Certificazione Ambientale di Prodotto EPD per micropali TITAN - ISCHEBECK TITAN","robots":{"index":"index","follow":"follow","max-snippet":"max-snippet:-1","max-image-preview":"max-image-preview:large","max-video-preview":"max-video-preview:-1"},"canonical":"https:\/\/www.ischebeck.de\/it\/new-video-certificazione-ambientale-di-prodotto-epd-micropali-titan\/","og_locale":"it_IT","og_type":"article","og_title":"Nuovo video: Certificazione Ambientale di Prodotto EPD per micropali TITAN - ISCHEBECK TITAN","og_description":"Nel nostro nuovo video su YouTube, Thomas Grafstr\u00f6m (Technical Sales, Svezia) spiega perch\u00e9 il nostro sistema di micropali TITAN \u00e8 un componente fondamentale per l'edilizia sostenibile, ora [...]","og_url":"https:\/\/www.ischebeck.de\/it\/new-video-certificazione-ambientale-di-prodotto-epd-micropali-titan\/","og_site_name":"ISCHEBECK TITAN","article_published_time":"2025-09-03T11:59:01+00:00","article_modified_time":"2026-03-11T10:55:56+00:00","og_image":[{"width":555,"height":375,"url":"https:\/\/www.ischebeck.de\/wp-content\/uploads\/2025\/09\/News_EPD_EN.jpg","type":"image\/jpeg"}],"author":"Vanessa Jakob","twitter_card":"summary_large_image","twitter_misc":{"Scritto da":"Vanessa Jakob","Tempo di lettura stimato":"1 minuto"},"schema":{"@context":"https:\/\/schema.org","@graph":[{"@type":"Article","@id":"https:\/\/www.ischebeck.de\/it\/new-video-certificazione-ambientale-di-prodotto-epd-micropali-titan\/#article","isPartOf":{"@id":"https:\/\/www.ischebeck.de\/it\/new-video-certificazione-ambientale-di-prodotto-epd-micropali-titan\/"},"author":{"name":"Vanessa Jakob","@id":"https:\/\/www.ischebeck.de\/it\/#\/schema\/person\/659d8826bfa12a442ae9ce5916be7aea"},"headline":"Nuovo video: Certificazione Ambientale di Prodotto EPD per micropali TITAN","datePublished":"2025-09-03T11:59:01+00:00","dateModified":"2026-03-11T10:55:56+00:00","mainEntityOfPage":{"@id":"https:\/\/www.ischebeck.de\/it\/new-video-certificazione-ambientale-di-prodotto-epd-micropali-titan\/"},"wordCount":10,"publisher":{"@id":"https:\/\/www.ischebeck.de\/it\/#organization"},"image":{"@id":"https:\/\/www.ischebeck.de\/it\/new-video-certificazione-ambientale-di-prodotto-epd-micropali-titan\/#primaryimage"},"thumbnailUrl":"https:\/\/www.ischebeck.de\/wp-content\/uploads\/2025\/09\/News_EPD_EN.jpg","articleSection":["Tutto","Geotecnica"],"inLanguage":"it-IT"},{"@type":"WebPage","@id":"https:\/\/www.ischebeck.de\/it\/new-video-certificazione-ambientale-di-prodotto-epd-micropali-titan\/","url":"https:\/\/www.ischebeck.de\/it\/new-video-certificazione-ambientale-di-prodotto-epd-micropali-titan\/","name":"Nuovo video: Certificazione Ambientale di Prodotto EPD per micropali TITAN - ISCHEBECK TITAN","isPartOf":{"@id":"https:\/\/www.ischebeck.de\/it\/#website"},"primaryImageOfPage":{"@id":"https:\/\/www.ischebeck.de\/it\/new-video-certificazione-ambientale-di-prodotto-epd-micropali-titan\/#primaryimage"},"image":{"@id":"https:\/\/www.ischebeck.de\/it\/new-video-certificazione-ambientale-di-prodotto-epd-micropali-titan\/#primaryimage"},"thumbnailUrl":"https:\/\/www.ischebeck.de\/wp-content\/uploads\/2025\/09\/News_EPD_EN.jpg","datePublished":"2025-09-03T11:59:01+00:00","dateModified":"2026-03-11T10:55:56+00:00","breadcrumb":{"@id":"https:\/\/www.ischebeck.de\/it\/new-video-certificazione-ambientale-di-prodotto-epd-micropali-titan\/#breadcrumb"},"inLanguage":"it-IT","potentialAction":[{"@type":"ReadAction","target":["https:\/\/www.ischebeck.de\/it\/new-video-certificazione-ambientale-di-prodotto-epd-micropali-titan\/"]}]},{"@type":"ImageObject","inLanguage":"it-IT","@id":"https:\/\/www.ischebeck.de\/it\/new-video-certificazione-ambientale-di-prodotto-epd-micropali-titan\/#primaryimage","url":"https:\/\/www.ischebeck.de\/wp-content\/uploads\/2025\/09\/News_EPD_EN.jpg","contentUrl":"https:\/\/www.ischebeck.de\/wp-content\/uploads\/2025\/09\/News_EPD_EN.jpg","width":555,"height":375},{"@type":"BreadcrumbList","@id":"https:\/\/www.ischebeck.de\/it\/new-video-certificazione-ambientale-di-prodotto-epd-micropali-titan\/#breadcrumb","itemListElement":[{"@type":"ListItem","position":1,"name":"Startseite","item":"https:\/\/www.ischebeck.de\/it\/"},{"@type":"ListItem","position":2,"name":"Nuovo video: Certificazione Ambientale di Prodotto EPD per micropali TITAN"}]},{"@type":"WebSite","@id":"https:\/\/www.ischebeck.de\/it\/#website","url":"https:\/\/www.ischebeck.de\/it\/","name":"ISCHEBECK TITAN","description":"National und international f\u00fchrender Hersteller von Produkten f\u00fcr die Baubranche","publisher":{"@id":"https:\/\/www.ischebeck.de\/it\/#organization"},"potentialAction":[{"@type":"SearchAction","target":{"@type":"EntryPoint","urlTemplate":"https:\/\/www.ischebeck.de\/it\/?s={search_term_string}"},"query-input":{"@type":"PropertyValueSpecification","valueRequired":true,"valueName":"search_term_string"}}],"inLanguage":"it-IT"},{"@type":"Organization","@id":"https:\/\/www.ischebeck.de\/it\/#organization","name":"FRIEDR. ISCHEBECK GMBH","url":"https:\/\/www.ischebeck.de\/it\/","logo":{"@type":"ImageObject","inLanguage":"it-IT","@id":"https:\/\/www.ischebeck.de\/it\/#\/schema\/logo\/image\/","url":"https:\/\/www.ischebeck.de\/wp-content\/uploads\/2022\/07\/ischebecklogo.png","contentUrl":"https:\/\/www.ischebeck.de\/wp-content\/uploads\/2022\/07\/ischebecklogo.png","width":630,"height":235,"caption":"FRIEDR. ISCHEBECK GMBH"},"image":{"@id":"https:\/\/www.ischebeck.de\/it\/#\/schema\/logo\/image\/"},"sameAs":["https:\/\/www.youtube.com\/channel\/UCWC7NNXogZGJPs-bxuk7C8A","https:\/\/www.linkedin.com\/company\/friedr.-ischebeck-gmbh"]},{"@type":"Person","@id":"https:\/\/www.ischebeck.de\/it\/#\/schema\/person\/659d8826bfa12a442ae9ce5916be7aea","name":"Vanessa Jakob","image":{"@type":"ImageObject","inLanguage":"it-IT","@id":"https:\/\/www.ischebeck.de\/it\/#\/schema\/person\/image\/","url":"https:\/\/secure.gravatar.com\/avatar\/18551f3922c0feb01daf4376b2dfa363ddc9441105f75a535bca6cd77b2b3536?s=96&d=mm&r=g","contentUrl":"https:\/\/secure.gravatar.com\/avatar\/18551f3922c0feb01daf4376b2dfa363ddc9441105f75a535bca6cd77b2b3536?s=96&d=mm&r=g","caption":"Vanessa Jakob"},"url":"https:\/\/www.ischebeck.de\/it\/author\/vanessajakob\/"}]}},"_links":{"self":[{"href":"https:\/\/www.ischebeck.de\/it\/wp-json\/wp\/v2\/posts\/12951000","targetHints":{"allow":["GET"]}}],"collection":[{"href":"https:\/\/www.ischebeck.de\/it\/wp-json\/wp\/v2\/posts"}],"about":[{"href":"https:\/\/www.ischebeck.de\/it\/wp-json\/wp\/v2\/types\/post"}],"author":[{"embeddable":true,"href":"https:\/\/www.ischebeck.de\/it\/wp-json\/wp\/v2\/users\/6166"}],"replies":[{"embeddable":true,"href":"https:\/\/www.ischebeck.de\/it\/wp-json\/wp\/v2\/comments?post=12951000"}],"version-history":[{"count":4,"href":"https:\/\/www.ischebeck.de\/it\/wp-json\/wp\/v2\/posts\/12951000\/revisions"}],"predecessor-version":[{"id":12951004,"href":"https:\/\/www.ischebeck.de\/it\/wp-json\/wp\/v2\/posts\/12951000\/revisions\/12951004"}],"wp:featuredmedia":[{"embeddable":true,"href":"https:\/\/www.ischebeck.de\/it\/wp-json\/wp\/v2\/media\/12940769"}],"wp:attachment":[{"href":"https:\/\/www.ischebeck.de\/it\/wp-json\/wp\/v2\/media?parent=12951000"}],"wp:term":[{"taxonomy":"category","embeddable":true,"href":"https:\/\/www.ischebeck.de\/it\/wp-json\/wp\/v2\/categories?post=12951000"},{"taxonomy":"post_tag","embeddable":true,"href":"https:\/\/www.ischebeck.de\/it\/wp-json\/wp\/v2\/tags?post=12951000"}],"curies":[{"name":"wp","href":"https:\/\/api.w.org\/{rel}","templated":true}]}}